{"id":924,"date":"2026-09-04T10:11:55","date_gmt":"2026-09-04T10:11:55","guid":{"rendered":"https:\/\/www.ecologistaszamora.org\/ez\/?p=924"},"modified":"2026-09-04T10:11:56","modified_gmt":"2026-09-04T10:11:56","slug":"ecologistas-zamora-exige-a-la-junta-transparencia-total-sobre-el-impacto-conjunto-de-los-macroproyectos-energeticos-en-la-reserva-natural-de-las-lagunas-de-villafafila","status":"publish","type":"post","link":"http:\/\/www.ecologistaszamora.org\/ez\/prensa\/ecologistas-zamora-exige-a-la-junta-transparencia-total-sobre-el-impacto-conjunto-de-los-macroproyectos-energeticos-en-la-reserva-natural-de-las-lagunas-de-villafafila\/","title":{"rendered":"ECOLOGISTAS ZAMORA EXIGE A LA JUNTA TRANSPARENCIA TOTAL SOBRE EL IMPACTO CONJUNTO DE LOS MACROPROYECTOS ENERG\u00c9TICOS \u00a0EN LA RESERVA NATURAL DE LAS LAGUNAS DE VILLAF\u00c1FILA"},"content":{"rendered":"\n<figure class=\"wp-block-image size-full\"><img loading=\"lazy\" decoding=\"async\" width=\"960\" height=\"720\" src=\"https:\/\/www.ecologistaszamora.org\/ez\/wp-content\/uploads\/2026\/09\/2026052609064375200.webp\" alt=\"\" class=\"wp-image-925\" srcset=\"http:\/\/www.ecologistaszamora.org\/ez\/wp-content\/uploads\/2026\/09\/2026052609064375200.webp 960w, http:\/\/www.ecologistaszamora.org\/ez\/wp-content\/uploads\/2026\/09\/2026052609064375200-300x225.webp 300w, http:\/\/www.ecologistaszamora.org\/ez\/wp-content\/uploads\/2026\/09\/2026052609064375200-768x576.webp 768w\" sizes=\"auto, (max-width: 960px) 100vw, 960px\" \/><figcaption class=\"wp-element-caption\"><br>Lagunas de Villaf\u00e1fila. Imagen Casa del Parque. Vista <a href=\"https:\/\/www.zamoranews.com\/articulo\/47-comarcas\/ecologistas-alerta-villafafila-233-millones-litros-agua-juego-dos-plantas-hidrogeno-granja-moreruela\/20260903084240411889.html\">aqu\u00ed<\/a>.<\/figcaption><\/figure>\n\n\n\n<p><em><strong>La asociaci\u00f3n reclama el acceso \u00edntegro a los expedientes de las plantas \u00abMoreruela I y II\u00bb ante los indicios de un consumo masivo de agua subterr\u00e1nea que duplica&nbsp;<\/strong><\/em><em><strong>de forma global&nbsp;<\/strong><\/em><em><strong>los l\u00edmites de sostenibilidad en una zona de extrema sensibilidad ambiental<\/strong><\/em><em><strong>, y que la Junta solo ha tenido en cuenta de forma individualizada.<\/strong><\/em><em><\/em><\/p>\n\n\n\n<p><strong>Para esta asociaci\u00f3n, n<\/strong><strong>o se trata de dos actuaciones hidrogeol\u00f3gicamente desconectadas, sino de dos captaciones pr\u00f3ximas cuya posible interacci\u00f3n&nbsp;<\/strong><em><strong>sobre Red Natura 2000&nbsp;<\/strong><\/em><strong>debe evaluarse cient\u00edficamente<\/strong><strong>, tal y como exige la l<\/strong><em><strong>a Directiva 92\/43\/CEE.<\/strong><\/em><\/p>\n\n\n\n<p><em>As\u00ed mismo, Ecologistas Zamora denuncia&nbsp;<\/em><em>trabas burocr\u00e1ticas por parte de la Consejer\u00eda<\/em><em>&nbsp;en el acceso al expediente completo. La organizaci\u00f3n denuncia que el Gobierno auton\u00f3mico est\u00e1 utilizando maniobras formalistas \u2014como la exigencia del uso exclusivo del formulario normalizado IAPA 364\u2014 para retrasar la entrega de expediente<\/em><em>s<\/em><em>. Esta traba burocr\u00e1tica vulnera abiertamente el Convenio de Aarhus y la Ley 27\/2006 de acceso a la informaci\u00f3n ambiental, normativas que obligan a la entrega directa de los archivos solicitados.<\/em><em>&nbsp;<\/em><em>Es por ello que se ha&nbsp;<\/em>ha exigido formalmente el acceso efectivo, \u00edntegro y ordenado a toda la documentaci\u00f3n ambiental de los macroproyectos fotovoltaicos \u00abMoreruela I\u00bb (promovido por UTU Solar, S.L.) y \u00abMoreruela II\u00bb (promovido por Inari Solar, S.L.).&nbsp;<\/p>\n\n\n\n<p>La petici\u00f3n de informaci\u00f3n viene motivada adem\u00e1s por la propia resoluci\u00f3n de la Consejer\u00eda que&nbsp;reconoce&nbsp;la vulneraci\u00f3n del plazo m\u00e1ximo de seis meses que fija&nbsp;la Ley de Prevenci\u00f3n Ambiental de Castilla y Le\u00f3n para resolver y notificar la autorizaci\u00f3n ambiental,&nbsp;la cual&nbsp;se debe a \u00abla solicitud de informes preceptivos y determinantes, as\u00ed como de los requerimientos de subsanaci\u00f3n y aportaci\u00f3n de documentos practicados durante la instrucci\u00f3n del expediente\u00bb.&nbsp;&nbsp;Sin embargo, se desconoce de qu\u00e9 informes se trata, si fueron publicados y c\u00f3mo y qu\u00e9 fecha determin\u00f3 jur\u00eddicamente la Junta para reiniciar el c\u00f3mputo.<\/p>\n\n\n\n<p><strong>El colectivo quiere verificar la trazabilidad completa del procedimiento pues sospecha que la Junta ha podido vulnerar el plazo m\u00e1ximo legal de seis meses de instrucci\u00f3n mediante \u00absuspensiones gen\u00e9ricas\u00bb por solicitudes de informes, sin haber cumplido con la obligaci\u00f3n legal de comunicar individualmente dichas interrupciones a las partes interesadas.<\/strong><\/p>\n\n\n\n<p>Desde un punto de vista medioambiental, tal y como ya ha expresado en otras ocasiones, Ecologistas Zamora alerta del&nbsp;impacto cr\u00edtico que estas plantas pueden tener sobre los recursos h\u00eddricos de la comarca&nbsp;y las lagunas de Villaf\u00e1fila. Seg\u00fan consta en las resoluciones de autorizaci\u00f3n ambiental, ambos proyectos cuentan con concesiones de aguas subterr\u00e1neas procedentes de la masa &#8216;400031 &#8211; Villaf\u00e1fila&#8217; para uso industrial,&nbsp;con una&nbsp;alarmante cifra de&nbsp;<strong>233.911,4 metros c\u00fabicos<\/strong><strong>&nbsp;de extracci\u00f3n<\/strong><strong>&nbsp;al a\u00f1o<\/strong>&nbsp;(117.000,7 m\u00b3\/a\u00f1o para Inari y 116.910,7 m\u00b3\/a\u00f1o para Utu).<\/p>\n\n\n\n<p>Ecologistas Zamora advierte de que existen datos que facultan la&nbsp;<strong>petici\u00f3n de una paralizaci\u00f3n cautelar de los proyectos, petici\u00f3n que se formular\u00e1 en tiempo y forma junto con el escrito de reposici\u00f3n.&nbsp;<\/strong>As\u00ed, la propia Declaraci\u00f3n de Impacto Ambiental (DIA) de Moreruela II reconoce serias limitaciones para definir el flujo subterr\u00e1neo debido a la falta de densidad de datos y estudios locales suficientes. Aun as\u00ed, la Junta ha dado luz verde a las autorizaciones invocando supuestos informes que justificar\u00edan que no habr\u00e1 efectos negativos sobre el delicado r\u00e9gimen lagunar de las Lagunas de Villaf\u00e1fila y que para esta organizaci\u00f3n&nbsp;<strong>podr\u00edan no ser suficientes para probar que no habr\u00e1<\/strong>&nbsp;<strong>afecci\u00f3n sobre un espacio altamente protegido<\/strong><strong>.<\/strong><\/p>\n\n\n\n<p>Es por ello que&nbsp;Ecologistas&nbsp;Zamora&nbsp;reclama la entrega inmediata de todos los estudios hidrogeol\u00f3gicos, ensayos de bombeo, modelos num\u00e9ricos de incertidumbre y los informes&nbsp;preceptivos&nbsp;para su detallado an\u00e1lisis&nbsp;<strong>no solo de forma individual sino englobando los dos proyectos<\/strong><strong>.<\/strong><\/p>\n\n\n\n<figure class=\"wp-block-image size-large\"><img loading=\"lazy\" decoding=\"async\" width=\"724\" height=\"1024\" src=\"https:\/\/www.ecologistaszamora.org\/ez\/wp-content\/uploads\/2026\/09\/download-724x1024.jpg\" alt=\"\" class=\"wp-image-926\" srcset=\"http:\/\/www.ecologistaszamora.org\/ez\/wp-content\/uploads\/2026\/09\/download-724x1024.jpg 724w, http:\/\/www.ecologistaszamora.org\/ez\/wp-content\/uploads\/2026\/09\/download-212x300.jpg 212w, http:\/\/www.ecologistaszamora.org\/ez\/wp-content\/uploads\/2026\/09\/download-768x1087.jpg 768w, http:\/\/www.ecologistaszamora.org\/ez\/wp-content\/uploads\/2026\/09\/download.jpg 793w\" sizes=\"auto, (max-width: 724px) 100vw, 724px\" \/><\/figure>\n\n\n\n<div data-wp-interactive=\"core\/file\" class=\"wp-block-file\"><object data-wp-bind--hidden=\"!state.hasPdfPreview\" hidden class=\"wp-block-file__embed\" data=\"https:\/\/www.ecologistaszamora.org\/ez\/wp-content\/uploads\/2026\/09\/Solicitud_acceso_documentacion_Moreruela_I_II_signed.pdf\" type=\"application\/pdf\" style=\"width:100%;height:600px\" aria-label=\"Incrustado de Solicitud_acceso_documentacion_Moreruela_I_II_signed.\"><\/object><a id=\"wp-block-file--media-7a2dd13c-8a8d-4051-bd74-a84820be64b9\" href=\"https:\/\/www.ecologistaszamora.org\/ez\/wp-content\/uploads\/2026\/09\/Solicitud_acceso_documentacion_Moreruela_I_II_signed.pdf\">Solicitud_acceso_documentacion_Moreruela_I_II_signed<\/a><a href=\"https:\/\/www.ecologistaszamora.org\/ez\/wp-content\/uploads\/2026\/09\/Solicitud_acceso_documentacion_Moreruela_I_II_signed.pdf\" class=\"wp-block-file__button wp-element-button\" download aria-describedby=\"wp-block-file--media-7a2dd13c-8a8d-4051-bd74-a84820be64b9\">Descarga<\/a><\/div>\n","protected":false},"excerpt":{"rendered":"<p>La asociaci\u00f3n reclama el acceso \u00edntegro a los expedientes de las plantas \u00abMoreruela I y II\u00bb ante los<\/p>\n","protected":false},"author":1,"featured_media":0,"comment_status":"open","ping_status":"open","sticky":false,"template":"","format":"standard","meta":{"footnotes":""},"categories":[1],"tags":[113,188],"class_list":["post-924","post","type-post","status-publish","format-standard","hentry","category-prensa","tag-hidrogeno-verde","tag-villafafila-2"],"_links":{"self":[{"href":"http:\/\/www.ecologistaszamora.org\/ez\/wp-json\/wp\/v2\/posts\/924","targetHints":{"allow":["GET"]}}],"collection":[{"href":"http:\/\/www.ecologistaszamora.org\/ez\/wp-json\/wp\/v2\/posts"}],"about":[{"href":"http:\/\/www.ecologistaszamora.org\/ez\/wp-json\/wp\/v2\/types\/post"}],"author":[{"embeddable":true,"href":"http:\/\/www.ecologistaszamora.org\/ez\/wp-json\/wp\/v2\/users\/1"}],"replies":[{"embeddable":true,"href":"http:\/\/www.ecologistaszamora.org\/ez\/wp-json\/wp\/v2\/comments?post=924"}],"version-history":[{"count":2,"href":"http:\/\/www.ecologistaszamora.org\/ez\/wp-json\/wp\/v2\/posts\/924\/revisions"}],"predecessor-version":[{"id":930,"href":"http:\/\/www.ecologistaszamora.org\/ez\/wp-json\/wp\/v2\/posts\/924\/revisions\/930"}],"wp:attachment":[{"href":"http:\/\/www.ecologistaszamora.org\/ez\/wp-json\/wp\/v2\/media?parent=924"}],"wp:term":[{"taxonomy":"category","embeddable":true,"href":"http:\/\/www.ecologistaszamora.org\/ez\/wp-json\/wp\/v2\/categories?post=924"},{"taxonomy":"post_tag","embeddable":true,"href":"http:\/\/www.ecologistaszamora.org\/ez\/wp-json\/wp\/v2\/tags?post=924"}],"curies":[{"name":"wp","href":"https:\/\/api.w.org\/{rel}","templated":true}]}}